{"id":2370,"date":"2026-02-27T21:19:04","date_gmt":"2026-02-27T21:19:04","guid":{"rendered":"https:\/\/publikneues.de\/?p=2370"},"modified":"2026-02-27T21:19:04","modified_gmt":"2026-02-27T21:19:04","slug":"claudia-kleinert-schlaganfall","status":"publish","type":"post","link":"https:\/\/publikneues.de\/?p=2370","title":{"rendered":"Claudia Kleinert Schlaganfall \u2013 Was steckt wirklich hinter den Ger\u00fcchten?"},"content":{"rendered":"\n<p class=\"wp-block-paragraph\"><strong><a href=\"https:\/\/de.wikipedia.org\/wiki\/Claudia_Kleinert\" data-type=\"link\" data-id=\"https:\/\/de.wikipedia.org\/wiki\/Claudia_Kleinert\" target=\"_blank\" rel=\"noopener\">Claudia Kleinert<\/a><\/strong> ist eine bekannte <strong>deutsche Fernsehmoderatorin und Wetterexpertin<\/strong>, die f\u00fcr ihre ruhige Art und klare Stimme bekannt ist. Geboren wurde sie am <strong>31. Dezember 1969 in Koblenz<\/strong>. Schon in jungen Jahren interessierte sie sich f\u00fcr Kommunikation und Sprache, doch zun\u00e4chst schlug sie einen anderen Weg ein. Nach einer Ausbildung zur <strong>Bankkauffrau<\/strong> studierte sie <strong>Betriebswirtschaftslehre an der Universit\u00e4t zu K\u00f6ln<\/strong>. W\u00e4hrend ihres Studiums entdeckte sie ihre Leidenschaft f\u00fcr das Sprechen vor Publikum. Nach ersten Moderationserfahrungen beim <strong>Wetterkanal<\/strong> und sp\u00e4ter beim <strong>WDR<\/strong>, wurde sie schlie\u00dflich Teil des <strong>ARD-Wetterteams<\/strong> \u2013 ein gro\u00dfer Schritt in ihrer Karriere.<\/p>\n\n\n\n<p class=\"wp-block-paragraph\">Neben ihrer TV-T\u00e4tigkeit engagiert sich Claudia Kleinert auch sozial. Sie ist <strong>Botschafterin der Lebenshilfe NRW<\/strong> und <strong>Save the Children Deutschland<\/strong>. Au\u00dferdem arbeitet sie als <strong>Moderatorin, Rednerin und Coach<\/strong> und unterst\u00fctzt Menschen dabei, sicher aufzutreten und \u00fcberzeugend zu kommunizieren. Claudia Kleinert ist also nicht nur eine bekannte TV-Pers\u00f6nlichkeit, sondern auch ein Mensch, der mit Energie und Herzlichkeit andere inspiriert. Genau deshalb ber\u00fchren Ger\u00fcchte \u00fcber ihre Gesundheit so viele Menschen.<\/p>\n\n\n\n<h2 class=\"wp-block-heading\"><strong>Was bedeutet Schlaganfall eigentlich?<\/strong><\/h2>\n\n\n\n<p class=\"wp-block-paragraph\">Um das Thema <strong>\u201eClaudia Kleinert Schlaganfall\u201c<\/strong> richtig einordnen zu k\u00f6nnen, sollte man zun\u00e4chst verstehen, <strong>was ein Schlaganfall \u00fcberhaupt ist<\/strong>. Ein Schlaganfall \u2013 medizinisch auch <em>Apoplex<\/em> genannt \u2013 tritt auf, wenn das Gehirn pl\u00f6tzlich nicht mehr ausreichend mit Blut versorgt wird. Dadurch erhalten Nervenzellen zu wenig Sauerstoff und sterben innerhalb weniger Minuten ab.<\/p>\n\n\n\n<h3 class=\"wp-block-heading\"><strong>Arten von Schlaganf\u00e4llen:<\/strong><\/h3>\n\n\n\n<ol class=\"wp-block-list\">\n<li><strong>Isch\u00e4mischer Schlaganfall:<\/strong><br>In rund 80 % der F\u00e4lle entsteht ein Schlaganfall durch ein Blutgerinnsel, das ein Hirngef\u00e4\u00df verstopft.<\/li>\n\n\n\n<li><strong>H\u00e4morrhagischer Schlaganfall:<\/strong><br>Hierbei platzt ein Gef\u00e4\u00df im Gehirn, und Blut tritt ins umliegende Gewebe aus.<\/li>\n<\/ol>\n\n\n\n<p class=\"wp-block-paragraph\">Beide Formen sind gef\u00e4hrlich, da sie die Gehirnfunktion stark beeintr\u00e4chtigen k\u00f6nnen.<\/p>\n\n\n\n<h3 class=\"wp-block-heading\"><strong>Typische Symptome:<\/strong><\/h3>\n\n\n\n<ul class=\"wp-block-list\">\n<li>Pl\u00f6tzliche <strong>L\u00e4hmungen<\/strong> oder Taubheitsgef\u00fchle (meist auf einer K\u00f6rperseite)<\/li>\n\n\n\n<li><strong>Sehst\u00f6rungen<\/strong> oder Schwindel<\/li>\n\n\n\n<li><strong>Sprachprobleme<\/strong> \u2013 man kann nicht mehr klar sprechen oder verstehen<\/li>\n\n\n\n<li><strong>Starke Kopfschmerzen<\/strong> ohne erkennbare Ursache<\/li>\n<\/ul>\n\n\n\n<p class=\"wp-block-paragraph\">Wer solche Anzeichen bemerkt \u2013 bei sich oder bei anderen \u2013 sollte <strong>sofort den Notruf 112 w\u00e4hlen<\/strong>. Jede Minute z\u00e4hlt, denn je schneller behandelt wird, desto gr\u00f6\u00dfer ist die Chance auf Heilung.<\/p>\n\n\n\n<p class=\"wp-block-paragraph\">Ein Schlaganfall betrifft j\u00e4hrlich mehr als <strong>250.000 Menschen in Deutschland<\/strong>. Die Ursachen sind vielf\u00e4ltig:<\/p>\n\n\n\n<ul class=\"wp-block-list\">\n<li>Bluthochdruck<\/li>\n\n\n\n<li>Rauchen<\/li>\n\n\n\n<li>Bewegungsmangel<\/li>\n\n\n\n<li>\u00dcbergewicht<\/li>\n\n\n\n<li>Stress<\/li>\n\n\n\n<li>Ungesunde Ern\u00e4hrung<\/li>\n<\/ul>\n\n\n\n<p class=\"wp-block-paragraph\">Doch mit einem gesunden Lebensstil l\u00e4sst sich das Risiko deutlich verringern.<\/p>\n\n\n\n<h2 class=\"wp-block-heading\"><strong>Der Fall Claudia Kleinert Schlaganfall \u2013 Fakten und Ger\u00fcchte<\/strong><\/h2>\n\n\n\n<p class=\"wp-block-paragraph\">Im Internet findet man zahlreiche Beitr\u00e4ge mit der Schlagzeile <strong>\u201eClaudia Kleinert Schlaganfall\u201c<\/strong>. Einige behaupten, sie h\u00e4tte 2012 einen schweren Schlaganfall erlitten. Andere sprechen von gesundheitlichen Problemen, die sie angeblich \u00fcberwunden habe.<\/p>\n\n\n\n<p class=\"wp-block-paragraph\">Doch wer genauer hinsieht, erkennt: <strong>Es gibt keinerlei verifizierte Belege<\/strong>.<\/p>\n\n\n\n<ul class=\"wp-block-list\">\n<li>Auf <strong>seri\u00f6sen Nachrichtenseiten<\/strong> wird kein medizinisches Ereignis erw\u00e4hnt.<\/li>\n\n\n\n<li>Ihre <strong>offizielle Website<\/strong> und <strong>Social-Media-Profile<\/strong> enthalten keinerlei Hinweis auf einen Schlaganfall.<\/li>\n\n\n\n<li>Auch <strong>Interviews<\/strong> mit ihr zeigen, dass sie weiterhin aktiv, gesund und engagiert ist.<\/li>\n<\/ul>\n\n\n\n<p class=\"wp-block-paragraph\">Diese Informationen deuten stark darauf hin, dass die Ger\u00fcchte <strong>nicht wahr<\/strong> sind. Wahrscheinlich entstanden sie durch <strong>Missverst\u00e4ndnisse oder gezielte Falschmeldungen<\/strong>. In der digitalen Welt verbreiten sich solche Geschichten schnell \u2013 besonders, wenn es um Prominente geht. Menschen sind neugierig und suchen Erkl\u00e4rungen f\u00fcr jede Ver\u00e4nderung, etwa wenn jemand kurzzeitig nicht im Fernsehen erscheint.<\/p>\n\n\n\n<h2 class=\"wp-block-heading\"><strong>Wie erkennt man echte Gesundheitsmeldungen bei Prominenten?<\/strong><\/h2>\n\n\n\n<p class=\"wp-block-paragraph\">Gesundheitsmeldungen \u00fcber Prominente sind sensibel. Oft wird aus einer kleinen Information eine gro\u00dfe Geschichte. Deshalb ist es wichtig zu wissen, <strong>wie man echte Nachrichten von Ger\u00fcchten unterscheiden kann<\/strong>.<\/p>\n\n\n\n<h3 class=\"wp-block-heading\"><strong>Tipps zum Faktencheck:<\/strong><\/h3>\n\n\n\n<ul class=\"wp-block-list\">\n<li>Pr\u00fcfe, ob die Meldung von <strong>anerkannten Medien<\/strong> stammt (z. B. ARD, ZDF, Spiegel, FAZ).<\/li>\n\n\n\n<li>Achte auf <strong>offizielle Aussagen<\/strong> der betroffenen Person oder ihres Managements.<\/li>\n\n\n\n<li>Vermeide Quellen mit rei\u00dferischen \u00dcberschriften wie \u201eSchock! Promi k\u00e4mpft ums Leben\u201c.<\/li>\n\n\n\n<li>Schaue, ob <strong>mehrere glaubw\u00fcrdige Medien dieselbe Information best\u00e4tigen<\/strong>.<\/li>\n<\/ul>\n\n\n\n<p class=\"wp-block-paragraph\">Oft steckt hinter Schlagzeilen wie <strong>\u201eClaudia Kleinert Schlaganfall\u201c<\/strong> nichts weiter als der Versuch, Klicks zu generieren. Seri\u00f6ser Journalismus pr\u00fcft Fakten und achtet die Privatsph\u00e4re.<\/p>\n\n\n\n<h2 class=\"wp-block-heading\"><strong>Was wir \u00fcber Gesundheit und Pr\u00e4vention lernen k\u00f6nnen<\/strong><\/h2>\n\n\n\n<p class=\"wp-block-paragraph\">Auch wenn Claudia Kleinert <strong>keinen Schlaganfall<\/strong> hatte, kann das Thema ein Anlass sein, \u00fcber die eigene Gesundheit nachzudenken. Ein Schlaganfall kann jeden treffen \u2013 jung oder alt, bekannt oder unbekannt. Doch viele Risikofaktoren lassen sich beeinflussen.<br>Hier sind einige einfache, aber wirkungsvolle Ma\u00dfnahmen zur Vorbeugung:<\/p>\n\n\n\n<figure class=\"wp-block-table\"><table class=\"has-fixed-layout\"><thead><tr><th><strong>Risikofaktor<\/strong><\/th><th><strong>Was du tun kannst<\/strong><\/th><\/tr><\/thead><tbody><tr><td>Bluthochdruck<\/td><td>Regelm\u00e4\u00dfig messen, salzarm essen<\/td><\/tr><tr><td>Rauchen<\/td><td>Schrittweise aufh\u00f6ren<\/td><\/tr><tr><td>Bewegungsmangel<\/td><td>T\u00e4glich 30 Minuten Bewegung<\/td><\/tr><tr><td>\u00dcbergewicht<\/td><td>Ausgewogene Ern\u00e4hrung, kleinere Portionen<\/td><\/tr><tr><td>Stress<\/td><td>Entspannungstechniken wie Yoga oder Spazierg\u00e4nge<\/td><\/tr><\/tbody><\/table><\/figure>\n\n\n\n<p class=\"wp-block-paragraph\">Claudia Kleinert selbst steht f\u00fcr einen <strong>bewussten Lebensstil<\/strong> \u2013 sie betont oft die Bedeutung von Balance, positiver Ausstrahlung und Achtsamkeit. Auch wenn sie keinen Schlaganfall erlitt, k\u00f6nnen wir ihr Beispiel nutzen, um mehr auf uns selbst zu achten.<\/p>\n\n\n\n<h2 class=\"wp-block-heading\"><strong>Wenn ein Schlaganfall best\u00e4tigt w\u00e4re \u2013 m\u00f6gliche Folgen<\/strong><\/h2>\n\n\n\n<p class=\"wp-block-paragraph\">Ein Schlaganfall kann das Leben stark ver\u00e4ndern. Je nach Schwere k\u00f6nnen Sprachst\u00f6rungen, L\u00e4hmungen oder Ged\u00e4chtnisprobleme bleiben. Manche Betroffene m\u00fcssen lange Rehabilitation durchlaufen, um F\u00e4higkeiten wiederzuerlangen.<\/p>\n\n\n\n<p class=\"wp-block-paragraph\">Prominente, die offen \u00fcber ihre Erkrankungen sprechen \u2013 etwa Gaby K\u00f6ster oder Frank Elstner \u2013 zeigen, dass Offenheit helfen kann, anderen Mut zu machen. W\u00e4re Claudia Kleinert tats\u00e4chlich betroffen, w\u00fcrde sie vermutlich \u00e4hnlich offen und positiv mit der Situation umgehen. Doch das ist rein hypothetisch \u2013 denn derzeit gibt es <strong>keinen Hinweis<\/strong>, dass sie jemals erkrankt war.<\/p>\n\n\n\n<h2 class=\"wp-block-heading\"><strong>FAQ \u2013 H\u00e4ufige Fragen zu Claudia Kleinert Schlaganfall<\/strong><\/h2>\n\n\n\n<p class=\"wp-block-paragraph\"><strong>HAT CLAUDIA KLEINERT EINEN SCHLAGANFALL GEHABT?<\/strong><br>NEIN. ES GIBT KEINE BEST\u00c4TIGTEN QUELLEN ODER OFFIZIELLEN AUSSAGEN.<\/p>\n\n\n\n<p class=\"wp-block-paragraph\"><strong>WARUM GIBT ES TROTZDEM GER\u00dcCHTE?<\/strong><br>FEHLINFORMATIONEN UND SPEKULATIONEN IN SOZIALEN MEDIEN. CLICKBAIT.<\/p>\n\n\n\n<p class=\"wp-block-paragraph\"><strong>WIE PR\u00dcFE ICH, OB SO ETWAS STIMMT?<\/strong><br>AUF OFFIZIELLE STATEMENTS UND SERI\u00d6SE MEDIEN ACHTEN. MEHRFACH-BEST\u00c4TIGUNG SUCHEN.<\/p>\n\n\n\n<p class=\"wp-block-paragraph\"><strong>WAS IST EIN SCHLAGANFALL?<\/strong><br>PL\u00d6TZLICHE DURCHBLUTUNGSST\u00d6RUNG IM GEHIRN. NOTFALL: 112 RUFEN.<\/p>\n\n\n\n<p class=\"wp-block-paragraph\"><strong>WELCHE SYMPTOME Z\u00c4HLEN?<\/strong><br>L\u00c4HMUNGEN, SPRACH-\/SEHST\u00d6RUNGEN, STARKE KOPFSCHMERZEN, SCHWINDEL.<\/p>\n\n\n\n<h2 class=\"wp-block-heading\"><strong>Fazit <\/strong><\/h2>\n\n\n\n<p class=\"wp-block-paragraph\">Alle derzeit kursierenden Berichte basieren auf Spekulationen und nicht best\u00e4tigten Internetmeldungen. Claudia Kleinert ist aktiv, gesund und weiterhin in der deutschen Fernsehlandschaft pr\u00e4sent. Die Diskussion um dieses Thema zeigt aber, wie wichtig es ist, <strong>Informationen kritisch zu hinterfragen<\/strong> und <strong>Gesundheitsthemen mit Respekt<\/strong> zu behandeln. Gleichzeitig erinnert es uns daran, <strong>auf unsere eigene Gesundheit zu achten<\/strong> \u2013 denn Schlaganf\u00e4lle sind vermeidbar, wenn man Risikofaktoren ernst nimmt.<\/p>\n\n\n\n<p class=\"wp-block-paragraph\"><strong>Mher Lessn:<em>\u00a0<\/em> <a href=\"https:\/\/publikneues.de\/2025\/11\/10\/mit-wem-ist-holger-stockhaus-verheiratet\/\" data-type=\"link\" data-id=\"https:\/\/publikneues.de\/2025\/11\/10\/mit-wem-ist-holger-stockhaus-verheiratet\/\">Mit\u202fwem\u202fist\u202fHolger\u202fStockhaus verheiratet<br><\/a><\/strong><\/p>\n","protected":false},"excerpt":{"rendered":"<p>Claudia Kleinert ist eine bekannte deutsche Fernsehmoderatorin und Wetterexpertin, die f\u00fcr ihre ruhige Art und klare Stimme bekannt ist. Geboren wurde sie am 31. Dezember 1969 in Koblenz. Schon in jungen Jahren interessierte sie sich f\u00fcr Kommunikation und Sprache, doch zun\u00e4chst schlug sie einen anderen Weg ein. Nach einer Ausbildung zur Bankkauffrau studierte sie Betriebswirtschaftslehre<\/p>\n","protected":false},"author":8,"featured_media":2371,"comment_status":"open","ping_status":"open","sticky":false,"template":"","format":"standard","meta":{"footnotes":""},"categories":[45],"tags":[],"class_list":["post-2370","post","type-post","status-publish","format-standard","has-post-thumbnail","category-lebensstil"],"_links":{"self":[{"href":"https:\/\/publikneues.de\/index.php?rest_route=\/wp\/v2\/posts\/2370","targetHints":{"allow":["GET"]}}],"collection":[{"href":"https:\/\/publikneues.de\/index.php?rest_route=\/wp\/v2\/posts"}],"about":[{"href":"https:\/\/publikneues.de\/index.php?rest_route=\/wp\/v2\/types\/post"}],"author":[{"embeddable":true,"href":"https:\/\/publikneues.de\/index.php?rest_route=\/wp\/v2\/users\/8"}],"replies":[{"embeddable":true,"href":"https:\/\/publikneues.de\/index.php?rest_route=%2Fwp%2Fv2%2Fcomments&post=2370"}],"version-history":[{"count":3,"href":"https:\/\/publikneues.de\/index.php?rest_route=\/wp\/v2\/posts\/2370\/revisions"}],"predecessor-version":[{"id":3064,"href":"https:\/\/publikneues.de\/index.php?rest_route=\/wp\/v2\/posts\/2370\/revisions\/3064"}],"wp:featuredmedia":[{"embeddable":true,"href":"https:\/\/publikneues.de\/index.php?rest_route=\/wp\/v2\/media\/2371"}],"wp:attachment":[{"href":"https:\/\/publikneues.de\/index.php?rest_route=%2Fwp%2Fv2%2Fmedia&parent=2370"}],"wp:term":[{"taxonomy":"category","embeddable":true,"href":"https:\/\/publikneues.de\/index.php?rest_route=%2Fwp%2Fv2%2Fcategories&post=2370"},{"taxonomy":"post_tag","embeddable":true,"href":"https:\/\/publikneues.de\/index.php?rest_route=%2Fwp%2Fv2%2Ftags&post=2370"}],"curies":[{"name":"wp","href":"https:\/\/api.w.org\/{rel}","templated":true}]}}